{"id":8798,"date":"2019-03-04T00:00:00","date_gmt":"2019-03-04T07:00:00","guid":{"rendered":"http:\/\/10.255.248.8\/index.php\/2019\/03\/04\/reporta-temprano-jumbo-diaz\/"},"modified":"2019-03-04T00:00:00","modified_gmt":"2019-03-04T07:00:00","slug":"reporta-temprano-jumbo-diaz","status":"publish","type":"post","link":"https:\/\/torosdetijuana.com\/index.php\/reporta-temprano-jumbo-diaz\/2019\/03\/","title":{"rendered":"Reporta temprano &#8220;Jumbo&#8221; D\u00edaz"},"content":{"rendered":"<p><strong>TIJUANA, Baja California (TorosDeTijuana.com-Armando Esquivel) 4 de marzo del 2019&nbsp;&#8211;<\/strong> Es f\u00e1cil localizar a Jos\u00e9 Rafael D\u00edaz durante las pr\u00e1cticas de pretemporada de Toros de Tijuana en el Kino Sports Complex de Tucson, Arizona.&nbsp;<\/p>\n<p>El dominicano que acaba de cumplir 35 a\u00f1os resalta del grupo por su trabajo durante toda la pr\u00e1ctica, por su risa y buen \u00e1nimo que atrae a sus compa\u00f1eros y tambi\u00e9n por su imponente figura, raz\u00f3n por la que quiz\u00e1 se ha ganado el sobrenombre de \u201cJumbo\u201d.&nbsp;<\/p>\n<p>El cerrador que acaba de coronarse con Estrellas Orientales y que represent\u00f3 a Rep\u00fablica Dominicana en la Serie del Caribe, report\u00f3 antes de tiempo al campamento de Toros de Tijuana, ya que su fecha de arribo estaba programada para el lunes 11 de marzo, debido al permiso especial por su participaci\u00f3n en la cita caribe\u00f1a.&nbsp;<\/p>\n<p>\u201cMe dieron la opci\u00f3n de llegar m\u00e1s tarde, pero yo quise llegar temprano para que mi preparaci\u00f3n f\u00edsica sea mejor y estar disponible para cuando los juegos empiecen; vengo de jugar la serie final y tambi\u00e9n la Serie del Caribe; no me gusta tomar mucho tiempo de pausa\u201d, coment\u00f3 al finalizar la pr\u00e1ctica.&nbsp;<\/p>\n<p>D\u00edaz, quien jug\u00f3 cuatro temporadas en Grandes Ligas con los equipos de Rojos de Cincinnati y Rays de Tampa Bay del 2014 al 2017, se puso desde el s\u00e1bado a las \u00f3rdenes del cuerpo t\u00e9cnico que comanda el manejador \u00d3scar Robles y ya pudo trabajar a la par de sus nuevos compa\u00f1eros.&nbsp;<\/p>\n<p>\u201cMe sent\u00ed muy bien, es un grupo grande de peloteros y hay muchos con los que no hab\u00eda tenido la oportunidad de estar con ellos y me dieron la bienvenida; estamos aqu\u00ed dispuestos a ayudar a lo que se necesite\u201d, agreg\u00f3.&nbsp;<\/p>\n<p>Para el diestro la parte final del 2018 y el inicio de este nuevo a\u00f1o ha sido muy exitoso, ya que pudo coronarse campe\u00f3n en su pa\u00eds y luego viaj\u00f3 a Panam\u00e1 con la casaca de la Rep\u00fablica Dominicana.&nbsp;<\/p>\n<p>\u201cFue muy emocionante; el equipo de Estrellas Orientales ten\u00eda 51 a\u00f1os sin haber ganado una corona y este a\u00f1o fui cambiado a las Estrellas y gracias a Dios pude hacer un buen trabajo, ayudar al equipo lo que necesitaba para obtener esa corona y luego jugar la Serie del caribe; las cosas salieron bien y esa misma inercia y esa misma emoci\u00f3n quiero traerla aqu\u00ed a este equipo y dar lo mejor de mi cuando se me d\u00e9 esa oportunidad a la hora de lanzar\u201d, record\u00f3.&nbsp;<\/p>\n<p>El serpentinero nacido en La Romana, ten\u00eda varias invitaciones de equipos para reportar a pretemporada, incluso de Estados Unidos, sin embargo, al final decidi\u00f3 unirse a la \u201cembestida tijuanense\u201d.&nbsp;<\/p>\n<p>\u201cDecidimos venir aqu\u00ed a Toros de Tijuana, fue la mejor opci\u00f3n, ya que le pregunte a Junior Lake y a varios peloteros que han jugado aqu\u00ed y me dijeron que es una buena organizaci\u00f3n y que no me iba a arrepentir de la decisi\u00f3n de venir aqu\u00ed\u201d, concluy\u00f3.&nbsp;<\/p>\n<div class=\"yj6qo\">&nbsp;<\/div>\n","protected":false},"excerpt":{"rendered":"<p>TIJUANA, Baja California (TorosDeTijuana.com-Armando Esquivel) 4 de marzo del 2019&nbsp;&#8211; Es f\u00e1cil localizar a Jos\u00e9 Rafael D\u00edaz durante las pr\u00e1cticas de pretemporada de Toros de Tijuana en el Kino Sports Complex de Tucson, Arizona.&nbsp; El dominicano que acaba de cumplir 35 a\u00f1os resalta del grupo por su trabajo durante toda la pr\u00e1ctica, por su risa [&hellip;]<\/p>\n","protected":false},"author":1,"featured_media":8799,"comment_status":"open","ping_status":"open","sticky":false,"template":"","format":"standard","meta":{"om_disable_all_campaigns":false,"_monsterinsights_skip_tracking":false,"_monsterinsights_sitenote_active":false,"_monsterinsights_sitenote_note":"","_monsterinsights_sitenote_category":0,"footnotes":""},"categories":[175],"tags":[],"class_list":["post-8798","post","type-post","status-publish","format-standard","has-post-thumbnail","hentry","category-noticias"],"acf":[],"aioseo_notices":[],"_links":{"self":[{"href":"https:\/\/torosdetijuana.com\/index.php\/wp-json\/wp\/v2\/posts\/8798","targetHints":{"allow":["GET"]}}],"collection":[{"href":"https:\/\/torosdetijuana.com\/index.php\/wp-json\/wp\/v2\/posts"}],"about":[{"href":"https:\/\/torosdetijuana.com\/index.php\/wp-json\/wp\/v2\/types\/post"}],"author":[{"embeddable":true,"href":"https:\/\/torosdetijuana.com\/index.php\/wp-json\/wp\/v2\/users\/1"}],"replies":[{"embeddable":true,"href":"https:\/\/torosdetijuana.com\/index.php\/wp-json\/wp\/v2\/comments?post=8798"}],"version-history":[{"count":0,"href":"https:\/\/torosdetijuana.com\/index.php\/wp-json\/wp\/v2\/posts\/8798\/revisions"}],"wp:featuredmedia":[{"embeddable":true,"href":"https:\/\/torosdetijuana.com\/index.php\/wp-json\/wp\/v2\/media\/8799"}],"wp:attachment":[{"href":"https:\/\/torosdetijuana.com\/index.php\/wp-json\/wp\/v2\/media?parent=8798"}],"wp:term":[{"taxonomy":"category","embeddable":true,"href":"https:\/\/torosdetijuana.com\/index.php\/wp-json\/wp\/v2\/categories?post=8798"},{"taxonomy":"post_tag","embeddable":true,"href":"https:\/\/torosdetijuana.com\/index.php\/wp-json\/wp\/v2\/tags?post=8798"}],"curies":[{"name":"wp","href":"https:\/\/api.w.org\/{rel}","templated":true}]}}