{"id":8725,"date":"2019-02-06T00:00:00","date_gmt":"2019-02-06T07:00:00","guid":{"rendered":"http:\/\/10.255.248.8\/index.php\/2019\/02\/06\/perez-levanta-la-mano-y-seguira-con-la-embestida\/"},"modified":"2019-02-06T00:00:00","modified_gmt":"2019-02-06T07:00:00","slug":"perez-levanta-la-mano-y-seguira-con-la-embestida","status":"publish","type":"post","link":"https:\/\/torosdetijuana.com\/index.php\/perez-levanta-la-mano-y-seguira-con-la-embestida\/2019\/02\/","title":{"rendered":"P\u00e9rez \u201clevanta la mano\u201d y seguir\u00e1 con la \u201cembestida\u201d"},"content":{"rendered":"<p class=\"s2\"><strong>TIJUANA, Baja California (TorosDeTijuana.com &#8211; Armando Esquivel) 6 de febrero de 2019 &#8211;&nbsp;<\/strong>Luego de una gran temporada de debut con los Toros de Tijuana en la Liga Mexicana de Beisbol (LMB), el primera base Fernando P\u00e9rez se mantendr\u00e1 en el equipo fronterizo para la pr\u00f3xima campa\u00f1a, as\u00ed lo asegur\u00f3 \u00d3scar Romero, gerente deportivo del club tijuanense.<\/p>\n<p class=\"s2\">El bateador zurdo de 25 a\u00f1os se present\u00f3 en la Temporada Oto\u00f1o 2018 y debut\u00f3 el 3 de julio contra Sultanes en Monterrey; ese mismo d\u00eda conect\u00f3 su primer hit &nbsp;al disparar un sencillo al jard\u00edn derecho sobre un lanzamiento de Atahualp\u00e1 Severino.<\/p>\n<p class=\"s2\">P\u00e9rez fue el jugador m\u00e1s activo con Toros de Tijuana ya que fue el \u00fanico en alcanzar la cifra de cincuenta juegos en la segunda temporada del 2018 y los aprovech\u00f3 para batear.261 con siete cuadrangulares y 37 carreras producidas.<\/p>\n<p class=\"s2\">El ensenadense se meti\u00f3 en una racha bateadora que incluy\u00f3 doce juegos consecutivos conectando imparable y abarc\u00f3 del 26 de julio al 9 de agosto.<\/p>\n<p class=\"s2\">El primer cuadrangular en su carrera en la LMB fue contra Tigres de Quintana Roo en el estadio Beto \u00c1vila sobre la serpentina de Javier Solano.<\/p>\n<p class=\"s2\">Fernando P\u00e9rez fue tomado por Padres de San Diego en el draft del 2012 y ha jugado en el sistema de Ligas Menores hasta el nivel de Doble A.<\/p>\n<p class=\"s2\">Su paso por la pelota invernal ya incluye cuatro temporadas con Naranjeros de Hermosillo en la Liga Mexicana del Pac\u00edfico.<\/p>\n<p class=\"s2\">P\u00e9rez se reportar\u00e1 para la pretemporada que Toros de Tijuana iniciar\u00e1 el s\u00e1bado 2 de marzo en el Kino Sports Complex de Tucson, Arizona.<\/p>\n<p class=\"s2\">&nbsp;<\/p>\n<p class=\"s2\">&nbsp;<\/p>\n<p class=\"s2\">FERNANDO P\u00c9REZ<\/p>\n<p class=\"s2\">Fernando P\u00e9rez<\/p>\n<p class=\"s2\">Lugar de nacimiento: \u200bEnsenada, &nbsp;Baja California<\/p>\n<p class=\"s2\">Fecha de nacimiento:\u200b13 de septiembre de 1993\u200b<\/p>\n<p class=\"s2\">Posici\u00f3n:\u200bPrimera base<a name=\"_GoBack\"><\/a><\/p>\n<p class=\"s2\">Batea:\u200bZurdo<\/p>\n<p class=\"s2\">Lanza:\u200bDerecho<\/p>\n<p class=\"s2\">N\u00famero:\u200b6\u200b\u200b<\/p>\n<p class=\"s2\">Debut LMB:\u200b2018<\/p>\n<p class=\"s2\">Equipos:\u200bToros<\/p>\n<p class=\"s2\">&nbsp;<\/p>\n<p class=\"s2\">A\u00f1o\u200bEquipo\u200bPCT.\u200bJ\u200bVB\u200bCA\u200bH\u200bDB\u200b3B\u200bHR\u200bCP\u200bBB\u200bBI\u200bSO\u200bBR\u200bAR\u200bSLG.<\/p>\n<p>2018.2\u200bTijuana\u200b.261\u200b50\u200b184\u200b31\u200b48\u200b7\u200b1\u200b7\u200b37\u200b24\u200b1\u200b35\u200b1\u200b2\u200b.424<\/p>\n","protected":false},"excerpt":{"rendered":"<p>TIJUANA, Baja California (TorosDeTijuana.com &#8211; Armando Esquivel) 6 de febrero de 2019 &#8211;&nbsp;Luego de una gran temporada de debut con los Toros de Tijuana en la Liga Mexicana de Beisbol (LMB), el primera base Fernando P\u00e9rez se mantendr\u00e1 en el equipo fronterizo para la pr\u00f3xima campa\u00f1a, as\u00ed lo asegur\u00f3 \u00d3scar Romero, gerente deportivo del club [&hellip;]<\/p>\n","protected":false},"author":1,"featured_media":8726,"comment_status":"open","ping_status":"open","sticky":false,"template":"","format":"standard","meta":{"om_disable_all_campaigns":false,"_monsterinsights_skip_tracking":false,"_monsterinsights_sitenote_active":false,"_monsterinsights_sitenote_note":"","_monsterinsights_sitenote_category":0,"footnotes":""},"categories":[175],"tags":[],"class_list":["post-8725","post","type-post","status-publish","format-standard","has-post-thumbnail","hentry","category-noticias"],"acf":[],"aioseo_notices":[],"_links":{"self":[{"href":"https:\/\/torosdetijuana.com\/index.php\/wp-json\/wp\/v2\/posts\/8725","targetHints":{"allow":["GET"]}}],"collection":[{"href":"https:\/\/torosdetijuana.com\/index.php\/wp-json\/wp\/v2\/posts"}],"about":[{"href":"https:\/\/torosdetijuana.com\/index.php\/wp-json\/wp\/v2\/types\/post"}],"author":[{"embeddable":true,"href":"https:\/\/torosdetijuana.com\/index.php\/wp-json\/wp\/v2\/users\/1"}],"replies":[{"embeddable":true,"href":"https:\/\/torosdetijuana.com\/index.php\/wp-json\/wp\/v2\/comments?post=8725"}],"version-history":[{"count":0,"href":"https:\/\/torosdetijuana.com\/index.php\/wp-json\/wp\/v2\/posts\/8725\/revisions"}],"wp:featuredmedia":[{"embeddable":true,"href":"https:\/\/torosdetijuana.com\/index.php\/wp-json\/wp\/v2\/media\/8726"}],"wp:attachment":[{"href":"https:\/\/torosdetijuana.com\/index.php\/wp-json\/wp\/v2\/media?parent=8725"}],"wp:term":[{"taxonomy":"category","embeddable":true,"href":"https:\/\/torosdetijuana.com\/index.php\/wp-json\/wp\/v2\/categories?post=8725"},{"taxonomy":"post_tag","embeddable":true,"href":"https:\/\/torosdetijuana.com\/index.php\/wp-json\/wp\/v2\/tags?post=8725"}],"curies":[{"name":"wp","href":"https:\/\/api.w.org\/{rel}","templated":true}]}}