{"id":8390,"date":"2018-07-27T00:00:00","date_gmt":"2018-07-27T07:00:00","guid":{"rendered":"http:\/\/10.255.248.8\/index.php\/2018\/07\/27\/sanabia-pasa-a-tecolotes-en-prestamo-por-zazueta\/"},"modified":"2018-07-27T00:00:00","modified_gmt":"2018-07-27T07:00:00","slug":"sanabia-pasa-a-tecolotes-en-prestamo-por-zazueta","status":"publish","type":"post","link":"https:\/\/torosdetijuana.com\/index.php\/sanabia-pasa-a-tecolotes-en-prestamo-por-zazueta\/2018\/07\/","title":{"rendered":"SANABIA PASA A TECOLOTES EN PR\u00c9STAMO POR ZAZUETA"},"content":{"rendered":"<p><strong>NUEVO LAREDO, Tamaulipas (TorosDeTijuana.com-Armando Esquivel)&nbsp;<span id=\"OBJ_PREFIX_DWT68_com_zimbra_date\" class=\"Object\" role=\"link\">26 de julio<\/span>&nbsp;del 2018 &#8211;<\/strong> Los Toros de Tijuana completaron el movimiento por Amadeo Zazueta con Tecolotes de los Dos Laredos, al enviar a pr\u00e9stamo a Alex Sanabia por el resto de la temporada, as\u00ed lo dio a conocer \u00d3scar Romero,director deportivo de la novena tijuanense.<\/p>\n<p>Hace dos semanas se anunciaron las asignaciones entre los dos equipos fronterizos que enviar\u00edan a Zazueta de los \u201cemplumados\u201d a la escuadra \u201cburel\u201d, por los servicios de Roberto L\u00f3pez y Sergio Mitre, sin embargo, el lanzador tijuanense fue dado de baja por los \u201castados\u201d y su lugar en este pr\u00e9stamo de jugadores fue tomado por Sanabia.<\/p>\n<p>Roberto L\u00f3pez se integr\u00f3 desde la semana pasada al conjunto que dirige F\u00e9lix Ferm\u00edn, mientras que Sanabia report\u00f3&nbsp;<span id=\"OBJ_PREFIX_DWT69_com_zimbra_date\" class=\"Object\" role=\"link\">hoy<\/span>&nbsp;con su nuevo equipo, d\u00f3nde permanecer\u00e1 por el resto de la Temporada Oto\u00f1o 2018.<\/p>\n<p>Por su parte, Amadeo Zazueta participa con el selectivo mexicano en los Juegos Centroamericanos y del Caribe que se desarrollan en Barranquilla, Colombia y se reportar\u00e1 el&nbsp;<span id=\"OBJ_PREFIX_DWT70_com_zimbra_date\" class=\"Object\" role=\"link\">31 de julio<\/span>&nbsp;con Toros de Tijuana, una vez que concluya su compromiso con la casaca tricolor.<\/p>\n","protected":false},"excerpt":{"rendered":"<p>NUEVO LAREDO, Tamaulipas (TorosDeTijuana.com-Armando Esquivel)&nbsp;26 de julio&nbsp;del 2018 &#8211; Los Toros de Tijuana completaron el movimiento por Amadeo Zazueta con Tecolotes de los Dos Laredos, al enviar a pr\u00e9stamo a Alex Sanabia por el resto de la temporada, as\u00ed lo dio a conocer \u00d3scar Romero,director deportivo de la novena tijuanense. Hace dos semanas se anunciaron [&hellip;]<\/p>\n","protected":false},"author":1,"featured_media":8391,"comment_status":"open","ping_status":"open","sticky":false,"template":"","format":"standard","meta":{"om_disable_all_campaigns":false,"_monsterinsights_skip_tracking":false,"_monsterinsights_sitenote_active":false,"_monsterinsights_sitenote_note":"","_monsterinsights_sitenote_category":0,"footnotes":""},"categories":[175],"tags":[],"class_list":["post-8390","post","type-post","status-publish","format-standard","has-post-thumbnail","hentry","category-noticias"],"acf":[],"aioseo_notices":[],"_links":{"self":[{"href":"https:\/\/torosdetijuana.com\/index.php\/wp-json\/wp\/v2\/posts\/8390","targetHints":{"allow":["GET"]}}],"collection":[{"href":"https:\/\/torosdetijuana.com\/index.php\/wp-json\/wp\/v2\/posts"}],"about":[{"href":"https:\/\/torosdetijuana.com\/index.php\/wp-json\/wp\/v2\/types\/post"}],"author":[{"embeddable":true,"href":"https:\/\/torosdetijuana.com\/index.php\/wp-json\/wp\/v2\/users\/1"}],"replies":[{"embeddable":true,"href":"https:\/\/torosdetijuana.com\/index.php\/wp-json\/wp\/v2\/comments?post=8390"}],"version-history":[{"count":0,"href":"https:\/\/torosdetijuana.com\/index.php\/wp-json\/wp\/v2\/posts\/8390\/revisions"}],"wp:featuredmedia":[{"embeddable":true,"href":"https:\/\/torosdetijuana.com\/index.php\/wp-json\/wp\/v2\/media\/8391"}],"wp:attachment":[{"href":"https:\/\/torosdetijuana.com\/index.php\/wp-json\/wp\/v2\/media?parent=8390"}],"wp:term":[{"taxonomy":"category","embeddable":true,"href":"https:\/\/torosdetijuana.com\/index.php\/wp-json\/wp\/v2\/categories?post=8390"},{"taxonomy":"post_tag","embeddable":true,"href":"https:\/\/torosdetijuana.com\/index.php\/wp-json\/wp\/v2\/tags?post=8390"}],"curies":[{"name":"wp","href":"https:\/\/api.w.org\/{rel}","templated":true}]}}