{"id":8293,"date":"2018-06-21T00:00:00","date_gmt":"2018-06-21T07:00:00","guid":{"rendered":"http:\/\/10.255.248.8\/index.php\/2018\/06\/21\/nueva-etapa-para-los-toros-de-tijuana\/"},"modified":"2018-06-21T00:00:00","modified_gmt":"2018-06-21T07:00:00","slug":"nueva-etapa-para-los-toros-de-tijuana","status":"publish","type":"post","link":"https:\/\/torosdetijuana.com\/index.php\/nueva-etapa-para-los-toros-de-tijuana\/2018\/06\/","title":{"rendered":"NUEVA ETAPA PARA LOS TOROS DE TIJUANA"},"content":{"rendered":"<p><strong>Tijuana, Baja California (TorosDeTijuana.com)&nbsp;<span id=\"OBJ_PREFIX_DWT52_com_zimbra_date\" class=\"Object\" role=\"link\">20 de Junio<\/span>&nbsp;del 2018 \u2013<\/strong>&nbsp;La Organizaci\u00f3n de Toros de Tijuana agradece a Pedro Mer\u00e9 por los resultados obtenidos durante su desempe\u00f1o como&nbsp;manejador del equipo de la LMB.<\/p>\n<p>El&nbsp;timonel oriundo de Veracruz, fue l\u00edder de la escuadra fronteriza para alcanzar con benepl\u00e1cito de su afici\u00f3n, los siguientes t\u00edtulos:<\/p>\n<p>2016 Campe\u00f3n de Zona Norte<\/p>\n<p>2017 Campe\u00f3n de Zona Norte y Campe\u00f3n de Serie del Rey<\/p>\n<p>2018 Sub Campe\u00f3n de Zona Norte bajo el nuevo calendario de 2 temporadas por a\u00f1o<\/p>\n<p>Por su val\u00eda y contribuci\u00f3n, la Directiva del Club Tijuanense ha invitado a Pedro Mer\u00e9 a colaborar en una nueva posici\u00f3n de confianza dentro del \u00e1rea deportiva.<\/p>\n<p>En los pr\u00f3ximos d\u00edas se confirmar\u00e1 al timonel que participar\u00e1 en la siguiente Temporada con el Club, entre las diferentes alternativas que se buscan concretar para seguir brindando el espect\u00e1culo que caracteriza a los Toros de Tijuana.<\/p>\n<p>\u00d3scar Romero Director Deportivo, comunic\u00f3 que muy pronto todos recibir\u00e1n la convocatoria de la Rueda de Prensa en la cual se har\u00e1 el anuncio oficial, una vez que el nuevo integrante haya sido firmado.<\/p>\n","protected":false},"excerpt":{"rendered":"<p>Tijuana, Baja California (TorosDeTijuana.com)&nbsp;20 de Junio&nbsp;del 2018 \u2013&nbsp;La Organizaci\u00f3n de Toros de Tijuana agradece a Pedro Mer\u00e9 por los resultados obtenidos durante su desempe\u00f1o como&nbsp;manejador del equipo de la LMB. El&nbsp;timonel oriundo de Veracruz, fue l\u00edder de la escuadra fronteriza para alcanzar con benepl\u00e1cito de su afici\u00f3n, los siguientes t\u00edtulos: 2016 Campe\u00f3n de Zona Norte [&hellip;]<\/p>\n","protected":false},"author":1,"featured_media":7970,"comment_status":"open","ping_status":"open","sticky":false,"template":"","format":"standard","meta":{"om_disable_all_campaigns":false,"_monsterinsights_skip_tracking":false,"_monsterinsights_sitenote_active":false,"_monsterinsights_sitenote_note":"","_monsterinsights_sitenote_category":0,"footnotes":""},"categories":[175],"tags":[],"class_list":["post-8293","post","type-post","status-publish","format-standard","has-post-thumbnail","hentry","category-noticias"],"acf":[],"aioseo_notices":[],"_links":{"self":[{"href":"https:\/\/torosdetijuana.com\/index.php\/wp-json\/wp\/v2\/posts\/8293","targetHints":{"allow":["GET"]}}],"collection":[{"href":"https:\/\/torosdetijuana.com\/index.php\/wp-json\/wp\/v2\/posts"}],"about":[{"href":"https:\/\/torosdetijuana.com\/index.php\/wp-json\/wp\/v2\/types\/post"}],"author":[{"embeddable":true,"href":"https:\/\/torosdetijuana.com\/index.php\/wp-json\/wp\/v2\/users\/1"}],"replies":[{"embeddable":true,"href":"https:\/\/torosdetijuana.com\/index.php\/wp-json\/wp\/v2\/comments?post=8293"}],"version-history":[{"count":0,"href":"https:\/\/torosdetijuana.com\/index.php\/wp-json\/wp\/v2\/posts\/8293\/revisions"}],"wp:featuredmedia":[{"embeddable":true,"href":"https:\/\/torosdetijuana.com\/index.php\/wp-json\/wp\/v2\/media\/7970"}],"wp:attachment":[{"href":"https:\/\/torosdetijuana.com\/index.php\/wp-json\/wp\/v2\/media?parent=8293"}],"wp:term":[{"taxonomy":"category","embeddable":true,"href":"https:\/\/torosdetijuana.com\/index.php\/wp-json\/wp\/v2\/categories?post=8293"},{"taxonomy":"post_tag","embeddable":true,"href":"https:\/\/torosdetijuana.com\/index.php\/wp-json\/wp\/v2\/tags?post=8293"}],"curies":[{"name":"wp","href":"https:\/\/api.w.org\/{rel}","templated":true}]}}