{"id":7841,"date":"2018-02-24T00:00:00","date_gmt":"2018-02-24T07:00:00","guid":{"rendered":"http:\/\/10.255.248.8\/index.php\/2018\/02\/24\/encendera-bronco-temporada-de-toros-de-tijuana\/"},"modified":"2018-02-24T00:00:00","modified_gmt":"2018-02-24T07:00:00","slug":"encendera-bronco-temporada-de-toros-de-tijuana","status":"publish","type":"post","link":"https:\/\/torosdetijuana.com\/index.php\/encendera-bronco-temporada-de-toros-de-tijuana\/2018\/02\/","title":{"rendered":"Encender\u00e1 &#8216;Bronco&#8217; temporada de Toros de Tijuana"},"content":{"rendered":"<p><strong>TIJUANA, Baja California (TorosDeTijuana.com-Armando Esquivel) 23 de febrero del 2018 &#8211; <\/strong>El estadio Gasmart vibrar\u00e1 una vez m\u00e1s el jueves 22 de marzo cuando desde el terreno de juego aumenten los decibeles con los acordes de la legendaria agrupaci\u00f3n Bronco, que prender\u00e1 la ceremonia inaugural de la Liga Mexicana de Beisbol.<\/p>\n<p>La agrupaci\u00f3n fundada en 1979 en Apodaca, Nuevo Le\u00f3n, cargar\u00e1 con la parte musical cuando se levante el tel\u00f3n de la nueva campa\u00f1a en la que Toros de Tijuana iniciar\u00e1 la defensa de su campeonato.<\/p>\n<p>Los creadores de \u00e9xitos como \u201cQue no quede huella\u201d, \u201cSi te vuelves a enamorar\u201d, \u201cCon zapatos de tac\u00f3n\u201d, \u201cLibros tontos\u201d y \u201cSergio el bailador\u201d, ser\u00e1n los padrinos musicales en una noche hist\u00f3rica en la que se combinar\u00e1n con el galardonado colectivo art\u00edstico tijuanense Lux Boreal, para hacer del acto de apertura algo espectacular.<\/p>\n<p>Bronco unir\u00e1 su nombre a los delas agrupaciones Moderatto (2017), Kinky (2016) y Nortec Colective (2015) como los expositores musicales en el empaque ya tradicional que los Toros de Tijuana regalan a su fiel afici\u00f3n en las majestuosas ceremonias inaugurales que no tienen precedente en el deporte profesional a nivel nacional.<\/p>\n<p>El talento local tampoco pod\u00eda faltar y ese ser\u00e1 el de la compa\u00f1\u00eda de danza contempor\u00e1nea Lux Boreal, cuyo c\u00edrculo esc\u00e9nico esta? constituido por core\u00f3grafos y bailarines de diversas ciudades del pa\u00eds, quienes convergen en un compromiso de vida a trav\u00e9s de la danza y han encontrado un lenguaje para expresar su realidad con arte.<\/p>\n<p>La ceremonia inaugural est\u00e1 pactada para el jueves 22 de marzo a partir de las 18:35 en los amigables confines del estadio Gasmart.<\/p>\n","protected":false},"excerpt":{"rendered":"<p>La agrupaci\u00f3n regiomontana se encargar\u00e1 de la parte musical en la ceremonia inaugural del 22 de marzo<\/p>\n","protected":false},"author":1,"featured_media":7842,"comment_status":"open","ping_status":"open","sticky":false,"template":"","format":"standard","meta":{"om_disable_all_campaigns":false,"_monsterinsights_skip_tracking":false,"_monsterinsights_sitenote_active":false,"_monsterinsights_sitenote_note":"","_monsterinsights_sitenote_category":0,"footnotes":""},"categories":[175],"tags":[],"class_list":["post-7841","post","type-post","status-publish","format-standard","has-post-thumbnail","hentry","category-noticias"],"acf":[],"aioseo_notices":[],"_links":{"self":[{"href":"https:\/\/torosdetijuana.com\/index.php\/wp-json\/wp\/v2\/posts\/7841","targetHints":{"allow":["GET"]}}],"collection":[{"href":"https:\/\/torosdetijuana.com\/index.php\/wp-json\/wp\/v2\/posts"}],"about":[{"href":"https:\/\/torosdetijuana.com\/index.php\/wp-json\/wp\/v2\/types\/post"}],"author":[{"embeddable":true,"href":"https:\/\/torosdetijuana.com\/index.php\/wp-json\/wp\/v2\/users\/1"}],"replies":[{"embeddable":true,"href":"https:\/\/torosdetijuana.com\/index.php\/wp-json\/wp\/v2\/comments?post=7841"}],"version-history":[{"count":0,"href":"https:\/\/torosdetijuana.com\/index.php\/wp-json\/wp\/v2\/posts\/7841\/revisions"}],"wp:featuredmedia":[{"embeddable":true,"href":"https:\/\/torosdetijuana.com\/index.php\/wp-json\/wp\/v2\/media\/7842"}],"wp:attachment":[{"href":"https:\/\/torosdetijuana.com\/index.php\/wp-json\/wp\/v2\/media?parent=7841"}],"wp:term":[{"taxonomy":"category","embeddable":true,"href":"https:\/\/torosdetijuana.com\/index.php\/wp-json\/wp\/v2\/categories?post=7841"},{"taxonomy":"post_tag","embeddable":true,"href":"https:\/\/torosdetijuana.com\/index.php\/wp-json\/wp\/v2\/tags?post=7841"}],"curies":[{"name":"wp","href":"https:\/\/api.w.org\/{rel}","templated":true}]}}