{"id":7797,"date":"2018-02-16T00:00:00","date_gmt":"2018-02-16T07:00:00","guid":{"rendered":"http:\/\/10.255.248.8\/index.php\/2018\/02\/16\/cierran-toros-mini-camp-y-alistan-viaje-a-tucson\/"},"modified":"2018-02-16T00:00:00","modified_gmt":"2018-02-16T07:00:00","slug":"cierran-toros-mini-camp-y-alistan-viaje-a-tucson","status":"publish","type":"post","link":"https:\/\/torosdetijuana.com\/index.php\/cierran-toros-mini-camp-y-alistan-viaje-a-tucson\/2018\/02\/","title":{"rendered":"Cierran Toros &#8216;Mini Camp&#8217; y alistan viaje a Tucson"},"content":{"rendered":"<p><strong>TIJUANA, Baja California (TorosDeTijuana.com-Armando Esquivel) 15 de febrero del 2018 &#8211; <\/strong>Con el manejador Pedro Mer\u00e9 al frente del entrenamiento, los Toros de Tijuana cerraron hoy el \u201cMini Camp\u201d de una semana que sostuvieron en el estadio Gasmart y viajar\u00e1n ma\u00f1ana a Tucson, Arizona, donde por cuarto a\u00f1o consecutivo trabajar\u00e1n en su fase de pretemporada.<\/p>\n<p>Los campeones vigentes de la Liga Mexicana de Beisbol se preparan para la defensa de su cetro que arrancar\u00e1 el jueves 22 de marzo con un duelo ante Acereros del Norte en los amigables confines del estadio Gasmart.<\/p>\n<p>Pero antes, habr\u00e1 que dejar el equipo a punto y elegir a los treinta guerreros que se pondr\u00e1n la casaca fronteriza en el duelo inaugural.<\/p>\n<p>Mer\u00e9 adelant\u00f3 que el s\u00e1bado, cuando empiecen los entrenamientos, contar\u00e1 con equipo completo y s\u00f3lo habr\u00e1 dos peloteros ausentes que recibieron permiso de la directiva para reportar unos d\u00edas despu\u00e9s.<\/p>\n<p>\u201cSolo los lanzadores Sergio Mitre y Miguel Pe\u00f1a tendr\u00e1n unos d\u00edas m\u00e1s de descanso, ya que ellos tuvieron participaci\u00f3n reciente en la Serie del Caribe que tuvo verificativo del 2 al 8 de febrero en Guadalajara\u201d, coment\u00f3 el timonel.<\/p>\n<p>El veracruzano tambi\u00e9n mencion\u00f3 que una de las bajas importantes en esta pretemporada ser\u00e1 la de Alex Liddi, ya que el tercera base italiano tiene una invitaci\u00f3n de una organizaci\u00f3n de Grandes Ligas.<\/p>\n<p>Tambi\u00e9n dijo que en el cuerpo t\u00e9cnico s\u00f3lo habr\u00e1 una modificaci\u00f3n, ya que la salida de Mat\u00edas Carrillo le abri\u00f3 las puertas a \u00d3scar Robles para debutar y desempe\u00f1arse como coach de bateo, luego de que el \u201cCoyote\u201d tomara el puesto de manejador con Generales de Durango.<\/p>\n<p>A la pr\u00e1ctica de hoy acudieron Juan Apodaca, Roberto L\u00f3pez, Jos\u00e9 Guadalupe Ch\u00e1vez, Joe Mu\u00f1oz, Isaac Rodr\u00edguez, Alex Sanabia, Mark Serrano, Miguel Pe\u00f1a, Manny Barreda, Juan Kirk, Pedro Arenas, Bernie Heras, David Ur\u00edas, Sergio Alvarado y H\u00e9ctor Ponce, entre un grupo de casi treinta peloteros.<\/p>\n<p>Los Toros de Tijuana viajar\u00e1n ma\u00f1ana temprano a Tucson, Arizona, donde har\u00e1n su registro para el s\u00e1bado iniciar la pretemporada con una revisi\u00f3n m\u00e9dica matutina y la primera pr\u00e1ctica oficial con todos los peloteros que buscan un lugar en el equipo, as\u00ed como el cuerpo t\u00e9cnico.<\/p>\n","protected":false},"excerpt":{"rendered":"<p>Los campeones de la Liga Mexicana de Beisbol viajar\u00e1n ma\u00f1ana para iniciar su pretemporada en el Kino Sports Complex<\/p>\n","protected":false},"author":1,"featured_media":7798,"comment_status":"open","ping_status":"open","sticky":false,"template":"","format":"standard","meta":{"om_disable_all_campaigns":false,"_monsterinsights_skip_tracking":false,"_monsterinsights_sitenote_active":false,"_monsterinsights_sitenote_note":"","_monsterinsights_sitenote_category":0,"footnotes":""},"categories":[175],"tags":[],"class_list":["post-7797","post","type-post","status-publish","format-standard","has-post-thumbnail","hentry","category-noticias"],"acf":[],"aioseo_notices":[],"_links":{"self":[{"href":"https:\/\/torosdetijuana.com\/index.php\/wp-json\/wp\/v2\/posts\/7797","targetHints":{"allow":["GET"]}}],"collection":[{"href":"https:\/\/torosdetijuana.com\/index.php\/wp-json\/wp\/v2\/posts"}],"about":[{"href":"https:\/\/torosdetijuana.com\/index.php\/wp-json\/wp\/v2\/types\/post"}],"author":[{"embeddable":true,"href":"https:\/\/torosdetijuana.com\/index.php\/wp-json\/wp\/v2\/users\/1"}],"replies":[{"embeddable":true,"href":"https:\/\/torosdetijuana.com\/index.php\/wp-json\/wp\/v2\/comments?post=7797"}],"version-history":[{"count":0,"href":"https:\/\/torosdetijuana.com\/index.php\/wp-json\/wp\/v2\/posts\/7797\/revisions"}],"wp:featuredmedia":[{"embeddable":true,"href":"https:\/\/torosdetijuana.com\/index.php\/wp-json\/wp\/v2\/media\/7798"}],"wp:attachment":[{"href":"https:\/\/torosdetijuana.com\/index.php\/wp-json\/wp\/v2\/media?parent=7797"}],"wp:term":[{"taxonomy":"category","embeddable":true,"href":"https:\/\/torosdetijuana.com\/index.php\/wp-json\/wp\/v2\/categories?post=7797"},{"taxonomy":"post_tag","embeddable":true,"href":"https:\/\/torosdetijuana.com\/index.php\/wp-json\/wp\/v2\/tags?post=7797"}],"curies":[{"name":"wp","href":"https:\/\/api.w.org\/{rel}","templated":true}]}}