{"id":7773,"date":"2017-12-30T00:00:00","date_gmt":"2017-12-30T07:00:00","guid":{"rendered":"http:\/\/10.255.248.8\/index.php\/2017\/12\/30\/alberto-uribe-maytorena-es-el-personaje-del-ano-de-semanario-zeta\/"},"modified":"2017-12-30T00:00:00","modified_gmt":"2017-12-30T07:00:00","slug":"alberto-uribe-maytorena-es-el-personaje-del-ano-de-semanario-zeta","status":"publish","type":"post","link":"https:\/\/torosdetijuana.com\/index.php\/alberto-uribe-maytorena-es-el-personaje-del-ano-de-semanario-zeta\/2017\/12\/","title":{"rendered":"Alberto Uribe Maytorena es el personaje del a\u00f1o de Semanario ZETA"},"content":{"rendered":"<p><strong>TIJUANA, Baja California (H\u00e9ctor Rivera &#8211; TorosDeTijuana.com) 29 de diciembre de 2017 &#8211; <\/strong>Alberto Uribe Maytorena, Presidente del Consejo de Administraci\u00f3n de los Toros de Tijuana, fue nombrado personaje del a\u00f1o 2017 por el Semanario ZETA.<\/p>\n<p>El sue\u00f1o de toda una ciudad se cumpli\u00f3 y los Toros de Tijuana lograron una temporada hist\u00f3rica en 2017 al proclamarse campeones de la Liga Mexicana de Beisbol, al vencer a los Pericos de Puebla en la Serie del Rey el pasado 10 de septiembre.<\/p>\n<p>Al caer el out 27 la celebraci\u00f3n inici\u00f3 en el inmueble del Cerro Colorado y, minutos despu\u00e9s, la glorieta de Cuauht\u00e9moc en la Zona del R\u00edo, alberg\u00f3 a la muchedumbre que se apost\u00f3 con banderas y mantas para celebrar el campeonato.<\/p>\n<p>Por la noche, la terminal a\u00e9rea fue el punto de llegada de jugadores, cuerpo t\u00e9cnico y directiva, quienes fueron recibidos con m\u00fasica de mariachi, porras, abrazos y fotos por la consecuci\u00f3n del primer t\u00edtulo de Liga Mexicana de Beisbol en su corta historia.<\/p>\n<p>Los flamantes campeones volvieron a los amigables confines del estadio Gasmart el lunes 11 de septiembre, pero no se presentaron con las manos vac\u00edas frente a miles de aficionados, ya que en sus maletas trajeron, desde Puebla, la codiciada Copa Zaachila que los acredita como los reyes de la pelota mexicana.<\/p>\n","protected":false},"excerpt":{"rendered":"<p>Alberto Uribe, Presidente del Consejo de Administraci\u00f3n de los Toros de Tijuana, fue nombrado personaje del a\u00f1o por el Semanario ZETA<\/p>\n","protected":false},"author":1,"featured_media":7774,"comment_status":"open","ping_status":"open","sticky":false,"template":"","format":"standard","meta":{"om_disable_all_campaigns":false,"_monsterinsights_skip_tracking":false,"_monsterinsights_sitenote_active":false,"_monsterinsights_sitenote_note":"","_monsterinsights_sitenote_category":0,"footnotes":""},"categories":[175],"tags":[],"class_list":["post-7773","post","type-post","status-publish","format-standard","has-post-thumbnail","hentry","category-noticias"],"acf":[],"aioseo_notices":[],"_links":{"self":[{"href":"https:\/\/torosdetijuana.com\/index.php\/wp-json\/wp\/v2\/posts\/7773","targetHints":{"allow":["GET"]}}],"collection":[{"href":"https:\/\/torosdetijuana.com\/index.php\/wp-json\/wp\/v2\/posts"}],"about":[{"href":"https:\/\/torosdetijuana.com\/index.php\/wp-json\/wp\/v2\/types\/post"}],"author":[{"embeddable":true,"href":"https:\/\/torosdetijuana.com\/index.php\/wp-json\/wp\/v2\/users\/1"}],"replies":[{"embeddable":true,"href":"https:\/\/torosdetijuana.com\/index.php\/wp-json\/wp\/v2\/comments?post=7773"}],"version-history":[{"count":0,"href":"https:\/\/torosdetijuana.com\/index.php\/wp-json\/wp\/v2\/posts\/7773\/revisions"}],"wp:featuredmedia":[{"embeddable":true,"href":"https:\/\/torosdetijuana.com\/index.php\/wp-json\/wp\/v2\/media\/7774"}],"wp:attachment":[{"href":"https:\/\/torosdetijuana.com\/index.php\/wp-json\/wp\/v2\/media?parent=7773"}],"wp:term":[{"taxonomy":"category","embeddable":true,"href":"https:\/\/torosdetijuana.com\/index.php\/wp-json\/wp\/v2\/categories?post=7773"},{"taxonomy":"post_tag","embeddable":true,"href":"https:\/\/torosdetijuana.com\/index.php\/wp-json\/wp\/v2\/tags?post=7773"}],"curies":[{"name":"wp","href":"https:\/\/api.w.org\/{rel}","templated":true}]}}