{"id":7682,"date":"2017-10-12T00:00:00","date_gmt":"2017-10-12T07:00:00","guid":{"rendered":"http:\/\/10.255.248.8\/index.php\/2017\/10\/12\/debuta-jonathan-aranda-en-lmp\/"},"modified":"2017-10-12T00:00:00","modified_gmt":"2017-10-12T07:00:00","slug":"debuta-jonathan-aranda-en-lmp","status":"publish","type":"post","link":"https:\/\/torosdetijuana.com\/index.php\/debuta-jonathan-aranda-en-lmp\/2017\/10\/","title":{"rendered":"Debuta Jonathan Aranda en LMP"},"content":{"rendered":"<p><strong>TIJUANA, Baja California (TorosDeTijuana.com-Armando Esquivel) 12 de octubre del 2017 &#8211; <\/strong>Por segundo d\u00eda consecutivo, un egresado de la Academia de Toros de Tijuana debut\u00f3 en la Liga Mexicana del Pac\u00edfico, cuando Jonathan Alexander Aranda hizo su presentaci\u00f3n ayer con Yaquis de Ciudad Obreg\u00f3n.<\/p>\n<p>El martes fue Jos\u00e9 del Palacio con Ca\u00f1eros de Los Mochis y ayer le toc\u00f3 a Aranda, un joven de 19 a\u00f1os que entr\u00f3 a batear de emergente en la octava entrada, en sustituci\u00f3n de Carlos Valencia y fue dominado en su primer turno en la Liga Mexicana del Pac\u00edfico, con un rodado a las paradas cortas, luego de pelear en la cuenta y ponerse en tres y dos.<\/p>\n<p>El segunda base se titul\u00f3 de la Academia de Toros de Tijuana en la generaci\u00f3n 2015 y fue firmado el 2 de julio de ese mismo a\u00f1o por el buscador de talento Eddie D\u00edaz para los Rays de Tampa Bay.<\/p>\n<p>El derecho nacido en Tijuana el 23 de mayo de 1998 acaba de ser nombrado como el Jugador M\u00e1s Valioso dentro del sistema de Ligas Menores del equipo del estado de Florida, al brillar en la Liga de la Costa del Golfo, donde bate\u00f3 para .293 en 49 juegos, con quince carreras producidas y catorce bases robadas.<\/p>\n<p>Ayer, su primer juego en el circuito invernal mexicano fue en el estadio Sonora y le toc\u00f3 ser parte de la paliza que sufri\u00f3 su equipo por 16-2 a manos de Naranjeros de Hermosillo.<\/p>\n<p>Luego de su turno al bat, Aranda se qued\u00f3 en la posici\u00f3n de bateador designado que ocupaba el \u201cChapis\u201d.<\/p>\n","protected":false},"excerpt":{"rendered":"<p>El joven tijuanense tom\u00f3 su primer turno con Yaquis de Ciudad Obreg\u00f3n<\/p>\n","protected":false},"author":1,"featured_media":7683,"comment_status":"open","ping_status":"open","sticky":false,"template":"","format":"standard","meta":{"om_disable_all_campaigns":false,"_monsterinsights_skip_tracking":false,"_monsterinsights_sitenote_active":false,"_monsterinsights_sitenote_note":"","_monsterinsights_sitenote_category":0,"footnotes":""},"categories":[175],"tags":[],"class_list":["post-7682","post","type-post","status-publish","format-standard","has-post-thumbnail","hentry","category-noticias"],"acf":[],"aioseo_notices":[],"_links":{"self":[{"href":"https:\/\/torosdetijuana.com\/index.php\/wp-json\/wp\/v2\/posts\/7682","targetHints":{"allow":["GET"]}}],"collection":[{"href":"https:\/\/torosdetijuana.com\/index.php\/wp-json\/wp\/v2\/posts"}],"about":[{"href":"https:\/\/torosdetijuana.com\/index.php\/wp-json\/wp\/v2\/types\/post"}],"author":[{"embeddable":true,"href":"https:\/\/torosdetijuana.com\/index.php\/wp-json\/wp\/v2\/users\/1"}],"replies":[{"embeddable":true,"href":"https:\/\/torosdetijuana.com\/index.php\/wp-json\/wp\/v2\/comments?post=7682"}],"version-history":[{"count":0,"href":"https:\/\/torosdetijuana.com\/index.php\/wp-json\/wp\/v2\/posts\/7682\/revisions"}],"wp:featuredmedia":[{"embeddable":true,"href":"https:\/\/torosdetijuana.com\/index.php\/wp-json\/wp\/v2\/media\/7683"}],"wp:attachment":[{"href":"https:\/\/torosdetijuana.com\/index.php\/wp-json\/wp\/v2\/media?parent=7682"}],"wp:term":[{"taxonomy":"category","embeddable":true,"href":"https:\/\/torosdetijuana.com\/index.php\/wp-json\/wp\/v2\/categories?post=7682"},{"taxonomy":"post_tag","embeddable":true,"href":"https:\/\/torosdetijuana.com\/index.php\/wp-json\/wp\/v2\/tags?post=7682"}],"curies":[{"name":"wp","href":"https:\/\/api.w.org\/{rel}","templated":true}]}}