{"id":7330,"date":"2017-06-23T00:00:00","date_gmt":"2017-06-23T07:00:00","guid":{"rendered":"http:\/\/10.255.248.8\/index.php\/2017\/06\/23\/robles-se-despide-de-la-verde-antequera\/"},"modified":"2017-06-23T00:00:00","modified_gmt":"2017-06-23T07:00:00","slug":"robles-se-despide-de-la-verde-antequera","status":"publish","type":"post","link":"https:\/\/torosdetijuana.com\/index.php\/robles-se-despide-de-la-verde-antequera\/2017\/06\/","title":{"rendered":"Robles se despide de la &#8216;Verde Antequera&#8217;"},"content":{"rendered":"<p><strong>OAXACA DE JU\u00c1REZ, Oaxaca (TorosDeTijuana.com-Armando Esquivel) 22 de junio del 2017 &#8211; <\/strong>\u00d3scar Robles se despidi\u00f3 ayer de la \u201cVerde Antequera\u201d.<\/p>\n<p>El tijuanense jug\u00f3 ayer por \u00faltima vez en el estadio Eduardo Vasconcelos, recinto que fue su casa por cuatro temporadas y la directiva de Guerreros de Oaxaca no dej\u00f3 pasar la oportunidad para ofrecerle un reconocimiento durante el tercer juego de la serie.<\/p>\n<p>Desde febrero, \u00d3scar Robles anunci\u00f3 que la temporada 2017 ser\u00e1 la \u00faltima que disputar\u00e1 en su carrera como jugador en la Liga Mexicana de Beisbol, as\u00ed que cada visita a las quince plazas ser\u00e1 la \u00faltima en su historial.<\/p>\n<p>En el sencillo homenaje se desarroll\u00f3 al terminar la quinta entrada y fue encabezado por el gerente deportivo Guillermo Rodr\u00edguez Vel\u00e1zquez, quien le entreg\u00f3 al tijuanense una casaca negra de Guerreros de Oaxaca con el n\u00famero 13 y su apellido en la espalda.<\/p>\n<p>Por el sonido local se dio a conocer la estad\u00edstica de Robles en su paso por el equipo de la \u201cVerde Antequera\u201d, mientras la afici\u00f3n le brind\u00f3 todo su aprecio y agradecimiento con un sonoro aplauso, al igual que sus ex compa\u00f1eros de Guerreros de Oaxaca que lo reconoc\u00edan desde el dugout de la primera base.<\/p>\n<p>El tercera base tijuanense jug\u00f3 m\u00e1s de cuatrocientos duelos con Guerreros de Oaxaca durante las temporadas 2000, 2001, 2002 y 2014.<\/p>\n<p>Para el antesalista tijuanense Oaxaca tiene un significado especial, ya que adem\u00e1s de jugar aqu\u00ed por cuatro a\u00f1os, en esta ciudad naci\u00f3 su hija.<\/p>\n","protected":false},"excerpt":{"rendered":"<p>El antesalista tijuanense vivi\u00f3 ayer su \u00faltima jornada como pelotero profesional en el estadio Eduardo Vasconcelos de Oaxaca<\/p>\n","protected":false},"author":1,"featured_media":7331,"comment_status":"open","ping_status":"open","sticky":false,"template":"","format":"standard","meta":{"om_disable_all_campaigns":false,"_monsterinsights_skip_tracking":false,"_monsterinsights_sitenote_active":false,"_monsterinsights_sitenote_note":"","_monsterinsights_sitenote_category":0,"footnotes":""},"categories":[175],"tags":[],"class_list":["post-7330","post","type-post","status-publish","format-standard","has-post-thumbnail","hentry","category-noticias"],"acf":[],"aioseo_notices":[],"_links":{"self":[{"href":"https:\/\/torosdetijuana.com\/index.php\/wp-json\/wp\/v2\/posts\/7330","targetHints":{"allow":["GET"]}}],"collection":[{"href":"https:\/\/torosdetijuana.com\/index.php\/wp-json\/wp\/v2\/posts"}],"about":[{"href":"https:\/\/torosdetijuana.com\/index.php\/wp-json\/wp\/v2\/types\/post"}],"author":[{"embeddable":true,"href":"https:\/\/torosdetijuana.com\/index.php\/wp-json\/wp\/v2\/users\/1"}],"replies":[{"embeddable":true,"href":"https:\/\/torosdetijuana.com\/index.php\/wp-json\/wp\/v2\/comments?post=7330"}],"version-history":[{"count":0,"href":"https:\/\/torosdetijuana.com\/index.php\/wp-json\/wp\/v2\/posts\/7330\/revisions"}],"wp:featuredmedia":[{"embeddable":true,"href":"https:\/\/torosdetijuana.com\/index.php\/wp-json\/wp\/v2\/media\/7331"}],"wp:attachment":[{"href":"https:\/\/torosdetijuana.com\/index.php\/wp-json\/wp\/v2\/media?parent=7330"}],"wp:term":[{"taxonomy":"category","embeddable":true,"href":"https:\/\/torosdetijuana.com\/index.php\/wp-json\/wp\/v2\/categories?post=7330"},{"taxonomy":"post_tag","embeddable":true,"href":"https:\/\/torosdetijuana.com\/index.php\/wp-json\/wp\/v2\/tags?post=7330"}],"curies":[{"name":"wp","href":"https:\/\/api.w.org\/{rel}","templated":true}]}}