{"id":18771,"date":"2026-09-02T10:42:03","date_gmt":"2026-09-02T17:42:03","guid":{"rendered":"https:\/\/torosdetijuana.com\/?p=18771"},"modified":"2026-09-02T10:42:03","modified_gmt":"2026-09-02T17:42:03","slug":"jared-serna-debuta-en-grandes-ligas-con-marlins","status":"publish","type":"post","link":"https:\/\/torosdetijuana.com\/index.php\/jared-serna-debuta-en-grandes-ligas-con-marlins\/2026\/09\/","title":{"rendered":"JARED SERNA DEBUTA EN GRANDES LIGAS CON MARLINS\u00a0"},"content":{"rendered":"\n<p class=\"wp-block-paragraph\">La Academia de Desarrollo de Toros de Tijuana contin\u00faa cosechando \u00e9xitos con el reciente debut de Jared Serna en Grandes Ligas.&nbsp;<\/p>\n\n\n\n<p class=\"wp-block-paragraph\"><strong>TIJUANA, Baja California (TorosDeTijuana.Com)&nbsp;2 de septiembre del 2026.-<\/strong>&nbsp;<\/p>\n\n\n\n<p class=\"wp-block-paragraph\">El egresado de la&nbsp;Academia de&nbsp;Desarrollo de los Toros de Tijuana, Jared Serna, tuvo su debut con los Miami Marlins este&nbsp;martes&nbsp;en el inicio de la serie ante los Kansas City Royals para convertirse en&nbsp;el sexto egresado de Toros en llegar a Grandes Ligas.&nbsp;<\/p>\n\n\n\n<p class=\"wp-block-paragraph\">Fue en la apertura del octavo cap\u00edtulo donde el&nbsp;nacido en Guaymas, Sonora,&nbsp;tom\u00f3 su primer turno&nbsp;al bat&nbsp;en la Gran Carpa al sustituir a Otto L\u00f3pez.&nbsp;Con el guante,&nbsp;aport\u00f3&nbsp;para concretar el primer&nbsp;out&nbsp;del noveno episodio al capturar un roletazo de Salvador P\u00e9rez en la intermedia&nbsp;en el triunfo de los Marlins 6-3 ante Royals.&nbsp;<\/p>\n\n\n\n<figure class=\"wp-block-embed is-type-rich is-provider-x wp-block-embed-x\"><div class=\"wp-block-embed__wrapper\">\n<blockquote class=\"twitter-tweet\" data-width=\"550\" data-dnt=\"true\"><p lang=\"es\" dir=\"ltr\">\u00a1FELICIDADES JARED SERNA!<br><br>Tu esfuerzo, dedicaci\u00f3n y perseverancia te han llevado al mejor b\u00e9isbol del mundo.<br><br>Jared se convierte en el sexto egresado de la Academia de Toros de Tijuana en alcanzar las Grandes Ligas.<br><br>\u00a1Enhorabuena, Jared! Hoy celebramos contigo este gran logro.\u2026 <a href=\"https:\/\/t.co\/uAxemyYpgl\">pic.twitter.com\/uAxemyYpgl<\/a><\/p>&mdash; Toros De Tijuana \ud83d\udc03\u26be (@TorosDeTijuana) <a href=\"https:\/\/x.com\/TorosDeTijuana\/status\/2094977861761339413?ref_src=twsrc%5Etfw\">September 2, 2026<\/a><\/blockquote><script async src=\"https:\/\/platform.x.com\/widgets.js\" charset=\"utf-8\"><\/script>\n<\/div><\/figure>\n\n\n\n<p class=\"wp-block-paragraph\">En julio de 2019,&nbsp;Serna&nbsp;fue el primer&nbsp;pelotero de la Academia astada en ser firmado por Yankees de Nueva York. Su gran desempe\u00f1o en la entonces Liga Nacional de Prospectos llam\u00f3 la atenci\u00f3n de los scouts para comenzar&nbsp;su camino hacia Las Mayores.&nbsp;<\/p>\n\n\n\n<p class=\"wp-block-paragraph\">Jared&nbsp;fue parte del Spring Training con Toros de Tijuana en 2019 gracias a su&nbsp;gran habilidad con el madero&nbsp;y el guante.&nbsp;Poco despu\u00e9s, debut\u00f3 en la Liga Mexicana del Pac\u00edfico en 2020, donde recientemente&nbsp;lider\u00f3 el circuito invernal con nueve triples.&nbsp;<\/p>\n\n\n\n<p class=\"wp-block-paragraph\">El jugador de cuadro&nbsp;lleg\u00f3 a la organizaci\u00f3n de Miami en el cambio de Jazz Chisholm Jr.&nbsp;a&nbsp;los Yankees, quienes cedieron a cambio a&nbsp;Agust\u00edn&nbsp;Ram\u00edrez, Jared Serna&nbsp;y&nbsp;Abrahan&nbsp;Ram\u00edrez&nbsp;en julio de 2024.&nbsp;<\/p>\n\n\n\n<p class=\"wp-block-paragraph\">Su reciente actuaci\u00f3n en el Cl\u00e1sico Mundial de Beisbol con la novena mexicana donde demostr\u00f3 su velocidad en los&nbsp;senderos,&nbsp;as\u00ed como su calidad defensiva,&nbsp;lo llevaron a&nbsp;debutar en el&nbsp;mejor beisbol del mundo.&nbsp;<\/p>\n\n\n\n<p class=\"wp-block-paragraph\">La dinast\u00eda Serna contin\u00faa&nbsp;presente&nbsp;dentro de la novena tijuanense, el hermano menor de Jared, Jordi Serna, debut\u00f3&nbsp;en 2026&nbsp;con los astados en la Liga Mexicana de Beisbol de Banorte.&nbsp;<\/p>\n\n\n\n<p class=\"wp-block-paragraph\"><strong>TOROS EGRESADOS A&nbsp;GRANDES LIGAS<\/strong>&nbsp;<\/p>\n\n\n\n<p class=\"wp-block-paragraph\"><strong>RANDY AROZARENA (DEBUT&nbsp;EN MLB:&nbsp;14&nbsp;AGOSTO 2019)<\/strong>&nbsp;<\/p>\n\n\n\n<p class=\"wp-block-paragraph\"><strong>ALEJANDRO KIRK&nbsp;(DEBUT&nbsp;EN MLB:&nbsp;12 SEPTIEMBRE 2020)<\/strong>&nbsp;<\/p>\n\n\n\n<p class=\"wp-block-paragraph\"><strong>JONATHAN ARANDA&nbsp;(DEBUT&nbsp;EN MLB:&nbsp;24 JUNIO 2022)<\/strong>&nbsp;<\/p>\n\n\n\n<p class=\"wp-block-paragraph\"><strong>VALENTE BELLOZO&nbsp;(DEBUT&nbsp;EN MLB:&nbsp;26&nbsp;JUNIO 2024)<\/strong>&nbsp;<\/p>\n\n\n\n<p class=\"wp-block-paragraph\"><strong>GERARDO CARRILLO&nbsp;(DEBUT&nbsp;EN MLB:&nbsp;22 JULIO 2026)<\/strong>&nbsp;<\/p>\n\n\n\n<p class=\"wp-block-paragraph\"><strong>JARED SERNA&nbsp;(DEBUT&nbsp;EN MLB:&nbsp;1 SEPTIEMBRE 2026)<\/strong>&nbsp;<\/p>\n\n\n\n<figure class=\"wp-block-image size-large\"><img fetchpriority=\"high\" decoding=\"async\" width=\"1021\" height=\"1024\" src=\"https:\/\/torosdetijuana.com\/wp-content\/uploads\/2026\/09\/JARED-EGRESADO-1021x1024.jpg\" alt=\"\" class=\"wp-image-18773\" srcset=\"https:\/\/torosdetijuana.com\/wp-content\/uploads\/2026\/09\/JARED-EGRESADO-1021x1024.jpg 1021w, https:\/\/torosdetijuana.com\/wp-content\/uploads\/2026\/09\/JARED-EGRESADO-150x150.jpg 150w, https:\/\/torosdetijuana.com\/wp-content\/uploads\/2026\/09\/JARED-EGRESADO-299x300.jpg 299w, https:\/\/torosdetijuana.com\/wp-content\/uploads\/2026\/09\/JARED-EGRESADO-768x770.jpg 768w, https:\/\/torosdetijuana.com\/wp-content\/uploads\/2026\/09\/JARED-EGRESADO.jpg 1052w\" sizes=\"(max-width: 1021px) 100vw, 1021px\" \/><figcaption class=\"wp-element-caption\"><strong>Jared Serna en el Spring Training de 2019 con Toros de Tijuana.<\/strong><\/figcaption><\/figure>\n\n\n\n<p class=\"wp-block-paragraph\"><\/p>\n","protected":false},"excerpt":{"rendered":"<p>La Academia de Desarrollo de Toros de Tijuana contin\u00faa cosechando \u00e9xitos con el reciente debut de Jared Serna en Grandes Ligas.&nbsp; TIJUANA, Baja California (TorosDeTijuana.Com)&nbsp;2 de septiembre del 2026.-&nbsp; El egresado de la&nbsp;Academia de&nbsp;Desarrollo de los Toros de Tijuana, Jared Serna, tuvo su debut con los Miami Marlins este&nbsp;martes&nbsp;en el inicio de la serie ante [&hellip;]<\/p>\n","protected":false},"author":2,"featured_media":18772,"comment_status":"open","ping_status":"open","sticky":false,"template":"","format":"standard","meta":{"footnotes":""},"categories":[175],"tags":[193,567,537,427,415],"class_list":["post-18771","post","type-post","status-publish","format-standard","has-post-thumbnail","hentry","category-noticias","tag-academia","tag-jared-serna","tag-marlins","tag-mlb","tag-toros-de-tijuana"],"_links":{"self":[{"href":"https:\/\/torosdetijuana.com\/index.php\/wp-json\/wp\/v2\/posts\/18771","targetHints":{"allow":["GET"]}}],"collection":[{"href":"https:\/\/torosdetijuana.com\/index.php\/wp-json\/wp\/v2\/posts"}],"about":[{"href":"https:\/\/torosdetijuana.com\/index.php\/wp-json\/wp\/v2\/types\/post"}],"author":[{"embeddable":true,"href":"https:\/\/torosdetijuana.com\/index.php\/wp-json\/wp\/v2\/users\/2"}],"replies":[{"embeddable":true,"href":"https:\/\/torosdetijuana.com\/index.php\/wp-json\/wp\/v2\/comments?post=18771"}],"version-history":[{"count":1,"href":"https:\/\/torosdetijuana.com\/index.php\/wp-json\/wp\/v2\/posts\/18771\/revisions"}],"predecessor-version":[{"id":18774,"href":"https:\/\/torosdetijuana.com\/index.php\/wp-json\/wp\/v2\/posts\/18771\/revisions\/18774"}],"wp:featuredmedia":[{"embeddable":true,"href":"https:\/\/torosdetijuana.com\/index.php\/wp-json\/wp\/v2\/media\/18772"}],"wp:attachment":[{"href":"https:\/\/torosdetijuana.com\/index.php\/wp-json\/wp\/v2\/media?parent=18771"}],"wp:term":[{"taxonomy":"category","embeddable":true,"href":"https:\/\/torosdetijuana.com\/index.php\/wp-json\/wp\/v2\/categories?post=18771"},{"taxonomy":"post_tag","embeddable":true,"href":"https:\/\/torosdetijuana.com\/index.php\/wp-json\/wp\/v2\/tags?post=18771"}],"curies":[{"name":"wp","href":"https:\/\/api.w.org\/{rel}","templated":true}]}}