{"id":16490,"date":"2026-03-10T16:23:18","date_gmt":"2026-03-10T23:23:18","guid":{"rendered":"https:\/\/torosdetijuana.com\/?p=16490"},"modified":"2026-03-10T16:23:19","modified_gmt":"2026-03-10T23:23:19","slug":"rafael-ortega-llega-a-los-toros-con-pasion-y-consistencia","status":"publish","type":"post","link":"https:\/\/torosdetijuana.com\/index.php\/rafael-ortega-llega-a-los-toros-con-pasion-y-consistencia\/2026\/03\/","title":{"rendered":"RAFAEL ORTEGA LLEGA A LOS TOROS CON PASI\u00d3N Y CONSISTENCIA\u00a0\u00a0"},"content":{"rendered":"\n<p>El guante y calidad&nbsp;ofensiva&nbsp;del&nbsp;ex&nbsp;ligamayorista&nbsp;se ponen a disposici\u00f3n de Roberto Kelly y la novena astada en la pretemporada.&nbsp;<\/p>\n\n\n\n<p><strong>TIJUANA, Baja California (TorosDeTijuana.Com) 10 de&nbsp;Marzo&nbsp;del 2026.-<\/strong>&nbsp;<\/p>\n\n\n\n<p>El patrullero venezolano ya se encuentra afinando detalles ofensivos y de fildeo en su segundo d\u00eda de preparaci\u00f3n con Toros de Tijuana.&nbsp; Adem\u00e1s de entregarse con pasi\u00f3n y consistencia en el diamante, Ortega record\u00f3 a un viejo amigo, Jos\u00e9 \u00c1lvarez, rostro conocido de la afici\u00f3n tijuanense.&nbsp;&nbsp;&nbsp;<\/p>\n\n\n\n<p>Rafael Ortega y Jos\u00e9 \u00c1lvarez compartieron&nbsp;el vestidor&nbsp;por primera ocasi\u00f3n&nbsp;en 2016 con los Angelinos de Anaheim.&nbsp;Con la llegada de la pretemporada astada,&nbsp;el patrullero nacido en El Tigre&nbsp;y el relevo zurdo de Barcelona, Venezuela. Volver\u00e1n a coincidir, pero esta&nbsp;ocasi\u00f3n&nbsp;con la piel de los Toros.&nbsp;&nbsp;<\/p>\n\n\n\n<p>\u201cMe siento muy bien de estar en Toros, con un grupo amplio de venezolanos.&nbsp;Conozco a Jos\u00e9 \u00c1lvarez, jugu\u00e9 con&nbsp;\u00e9l&nbsp;en&nbsp;Venezuela&nbsp;y en los Angelinos, de verdad es un gran compa\u00f1ero y pitcher, s\u00e9 que tuvo una gran temporada&nbsp;el a\u00f1o pasado y me siento agradecido de compartir nuevamente con \u00e9l\u201d, expres\u00f3 Ortega.&nbsp;<\/p>\n\n\n\n<p>Algunas&nbsp;de las caracter\u00edsticas&nbsp;defensivas&nbsp;del jardinero venezolano,&nbsp;son&nbsp;su versatilidad&nbsp;y alcance durante el fildeo. En&nbsp;su&nbsp;camino&nbsp;por Grandes Ligas,&nbsp;Rafael Ortega&nbsp;jug\u00f3 el jard\u00edn&nbsp;izquierdo, derecho y central.&nbsp;Sin embargo, su posici\u00f3n habitual ha sido&nbsp;el prado central, donde&nbsp;ha defendido dicha zona por m\u00e1s de&nbsp;500 juegos&nbsp;entre Grandes Ligas y el b\u00e9isbol invernal.&nbsp;<\/p>\n\n\n\n<p>\u201cLa afici\u00f3n siempre podr\u00e1 tener en cuenta&nbsp;que voy a jugar duro&nbsp;y&nbsp;con pasi\u00f3n.&nbsp;Sabemos que el&nbsp;b\u00e9isbol&nbsp;es un juego de altibajos,&nbsp;pero&nbsp;lo m\u00e1s importante es la actitud que&nbsp;tenga&nbsp;en el&nbsp;diamante&nbsp;desde la pretemporada, cada vez que yo venga al&nbsp;terreno&nbsp;siempre dar\u00e9 mi cien por ciento por los Toros\u201d, aclar\u00f3 el&nbsp;ex&nbsp;Grandes Ligas.&nbsp;<\/p>\n\n\n\n<p>Con el madero,&nbsp;Ortega&nbsp;llega a Toros&nbsp;en ritmo. Recientemente jug\u00f3 con Cardenales de Lara&nbsp;y bajo el mando de C\u00e9sar&nbsp;Izturis, actual coach de banca de los&nbsp;astados,&nbsp;promedi\u00f3 .300 con 60&nbsp;imparables conectados en&nbsp;la&nbsp;Liga&nbsp;Venezolana de B\u00e9isbol Profesional (LVBP), Rafael tiene claro que la consistencia se trabaja&nbsp;desde la&nbsp;primavera.&nbsp;<\/p>\n\n\n\n<p>\u201cEn&nbsp;pretemporada me gusta trabajar mi consistencia, tomar turnos en la pr\u00e1ctica y hacer los ajustes necesarios en la caja&nbsp;de&nbsp;bateo.&nbsp;A veces te sientes bien en el&nbsp;bateo, otras veces en la defensa, independientemente de eso siempre hago los ajustes donde sea que lo necesite\u201d, finaliz\u00f3 Rafael.&nbsp;<\/p>\n\n\n\n<p>Dicha consistencia ser\u00e1 la que los astados dirigidos por Roberto&nbsp;Kelly,&nbsp;demuestren el pr\u00f3ximo 24 de abril en el Toros Mobil Park.&nbsp;Donde&nbsp;el equipo&nbsp;fronterizo se enfrentar\u00e1 a&nbsp;los&nbsp;Acereros&nbsp;de Monclova&nbsp;para inaugurar la temporada&nbsp;2026, en&nbsp;casa,&nbsp;al&nbsp;ritmo de El Gran Silencio&nbsp;con toda&nbsp;la afici\u00f3n tijuanense.&nbsp;<\/p>\n\n\n\n<p><\/p>\n","protected":false},"excerpt":{"rendered":"<p>El guante y calidad&nbsp;ofensiva&nbsp;del&nbsp;ex&nbsp;ligamayorista&nbsp;se ponen a disposici\u00f3n de Roberto Kelly y la novena astada en la pretemporada.&nbsp; TIJUANA, Baja California (TorosDeTijuana.Com) 10 de&nbsp;Marzo&nbsp;del 2026.-&nbsp; El patrullero venezolano ya se encuentra afinando detalles ofensivos y de fildeo en su segundo d\u00eda de preparaci\u00f3n con Toros de Tijuana.&nbsp; Adem\u00e1s de entregarse con pasi\u00f3n y consistencia en el [&hellip;]<\/p>\n","protected":false},"author":2,"featured_media":16491,"comment_status":"open","ping_status":"open","sticky":false,"template":"","format":"standard","meta":{"om_disable_all_campaigns":false,"_monsterinsights_skip_tracking":false,"_monsterinsights_sitenote_active":false,"_monsterinsights_sitenote_note":"","_monsterinsights_sitenote_category":0,"footnotes":""},"categories":[175],"tags":[182,574,241,188,415],"class_list":["post-16490","post","type-post","status-publish","format-standard","has-post-thumbnail","hentry","category-noticias","tag-lmb","tag-rafael-ortega","tag-spring-training","tag-tijuana","tag-toros-de-tijuana"],"acf":[],"aioseo_notices":[],"_links":{"self":[{"href":"https:\/\/torosdetijuana.com\/index.php\/wp-json\/wp\/v2\/posts\/16490","targetHints":{"allow":["GET"]}}],"collection":[{"href":"https:\/\/torosdetijuana.com\/index.php\/wp-json\/wp\/v2\/posts"}],"about":[{"href":"https:\/\/torosdetijuana.com\/index.php\/wp-json\/wp\/v2\/types\/post"}],"author":[{"embeddable":true,"href":"https:\/\/torosdetijuana.com\/index.php\/wp-json\/wp\/v2\/users\/2"}],"replies":[{"embeddable":true,"href":"https:\/\/torosdetijuana.com\/index.php\/wp-json\/wp\/v2\/comments?post=16490"}],"version-history":[{"count":1,"href":"https:\/\/torosdetijuana.com\/index.php\/wp-json\/wp\/v2\/posts\/16490\/revisions"}],"predecessor-version":[{"id":16492,"href":"https:\/\/torosdetijuana.com\/index.php\/wp-json\/wp\/v2\/posts\/16490\/revisions\/16492"}],"wp:featuredmedia":[{"embeddable":true,"href":"https:\/\/torosdetijuana.com\/index.php\/wp-json\/wp\/v2\/media\/16491"}],"wp:attachment":[{"href":"https:\/\/torosdetijuana.com\/index.php\/wp-json\/wp\/v2\/media?parent=16490"}],"wp:term":[{"taxonomy":"category","embeddable":true,"href":"https:\/\/torosdetijuana.com\/index.php\/wp-json\/wp\/v2\/categories?post=16490"},{"taxonomy":"post_tag","embeddable":true,"href":"https:\/\/torosdetijuana.com\/index.php\/wp-json\/wp\/v2\/tags?post=16490"}],"curies":[{"name":"wp","href":"https:\/\/api.w.org\/{rel}","templated":true}]}}