{"id":16486,"date":"2026-03-09T16:38:13","date_gmt":"2026-03-09T23:38:13","guid":{"rendered":"https:\/\/torosdetijuana.com\/?p=16486"},"modified":"2026-03-09T16:38:14","modified_gmt":"2026-03-09T23:38:14","slug":"toros-inicia-spring-training-en-el-mobil-park","status":"publish","type":"post","link":"https:\/\/torosdetijuana.com\/index.php\/toros-inicia-spring-training-en-el-mobil-park\/2026\/03\/","title":{"rendered":"TOROS INICIA SPRING TRAINING EN EL MOBIL PARK\u00a0"},"content":{"rendered":"\n<p>Bajo el liderazgo de&nbsp;Roberto Kelly,&nbsp;la novena tijuanense&nbsp;arranc\u00f3&nbsp;su&nbsp;spring&nbsp;training con la&nbsp;misi\u00f3n&nbsp;de&nbsp;prepararse a fondo&nbsp;de cara a la&nbsp;temporada 2026 de&nbsp;la&nbsp;Liga Mexicana de Beisbol (LMB).&nbsp;<\/p>\n\n\n\n<p><strong>TIJUANA, Baja California (TorosDeTijuana.Com) 9 de&nbsp;Marzo&nbsp;del 2026.-<\/strong>&nbsp;<\/p>\n\n\n\n<p>Los Toros de Tijuana comenzaron su pretemporada en el Toros Mobil Park con el 90 por ciento del roster presente, afinando detalles bajo&nbsp;el liderazgo&nbsp;del&nbsp;manager&nbsp;Roberto Kelly, rumbo a una campa\u00f1a que iniciar\u00e1 con dos series en gira ante Saraperos de Saltillo y Algodoneros de Uni\u00f3n Laguna.&nbsp;<\/p>\n\n\n\n<p>Desde las 8:00 horas, el estadio cobr\u00f3 vida con la llegada de jugadores, cuerpo t\u00e9cnico y personal de staff, quienes fueron recibidos por la Directiva encabezada por&nbsp;Omar&nbsp;Canizales,&nbsp;Presidente Ejecutivo;&nbsp;Ing. F\u00e9lix Fuentes,&nbsp;Director Ejecutivo; y&nbsp;Guillermo Armenta,&nbsp;Director&nbsp;Deportivo de la organizaci\u00f3n fronteriza.&nbsp;<\/p>\n\n\n\n<p>Armenta ofreci\u00f3 un mensaje de bienvenida donde reiter\u00f3 el compromiso institucional y el orgullo que representa defender la camiseta de Tijuana.&nbsp;<\/p>\n\n\n\n<p>\u201cTodo el trabajo y apoyo de esta afici\u00f3n, de la oficina, mantenimiento, staff y cuerpo t\u00e9cnico es para ustedes. Les brindamos las herramientas e instalaciones necesarias para que entreguen todo por este equipo y por esta ciudad, bienvenidos a su casa\u201d, expres\u00f3&nbsp;Armenta.&nbsp;<\/p>\n\n\n\n<p>Posteriormente, Roberto Kelly dirigi\u00f3 su primer mensaje al grupo, dejando clara la identidad y el car\u00e1cter que desea instaurar en el equipo.&nbsp;<\/p>\n\n\n\n<p>\u201cMantengo un est\u00e1ndar muy alto de disciplina y respeto. El armado de este equipo es muy atl\u00e9tico y vamos a jugar un b\u00e9isbol agresivo. La mentalidad&nbsp;es que cada rival que enfrente a los Toros de Tijuana no lo tendr\u00e1&nbsp;f\u00e1cil. Estoy muy emocionado por lo que viene y lo demostramos en el campo, jugando con actitud ganadora, no hablando\u201d, se\u00f1al\u00f3 el timonel.&nbsp;<\/p>\n\n\n\n<p>Tras la charla, los jugadores de posici\u00f3n iniciaron su rutina con pr\u00e1ctica de bateo en campo y jaula, adem\u00e1s de ejercicios de fildeo en el cuadro y los&nbsp;jardines. Por su parte, los lanzadores realizaron un circuito de acondicionamiento f\u00edsico y soltaron el brazo, quedando programada la primera sesi\u00f3n de&nbsp;bullpen&nbsp;para ma\u00f1ana.&nbsp;<\/p>\n\n\n\n<figure class=\"wp-block-image size-large\"><img fetchpriority=\"high\" decoding=\"async\" width=\"1024\" height=\"576\" src=\"https:\/\/torosdetijuana.com\/wp-content\/uploads\/2026\/03\/DSC00987.JPG-1024x576.jpeg\" alt=\"\" class=\"wp-image-16488\" srcset=\"https:\/\/torosdetijuana.com\/wp-content\/uploads\/2026\/03\/DSC00987.JPG-1024x576.jpeg 1024w, https:\/\/torosdetijuana.com\/wp-content\/uploads\/2026\/03\/DSC00987.JPG-300x169.jpeg 300w, https:\/\/torosdetijuana.com\/wp-content\/uploads\/2026\/03\/DSC00987.JPG-768x432.jpeg 768w, https:\/\/torosdetijuana.com\/wp-content\/uploads\/2026\/03\/DSC00987.JPG-1536x864.jpeg 1536w, https:\/\/torosdetijuana.com\/wp-content\/uploads\/2026\/03\/DSC00987.JPG-2048x1152.jpeg 2048w, https:\/\/torosdetijuana.com\/wp-content\/uploads\/2026\/03\/DSC00987.JPG-128x72.jpeg 128w, https:\/\/torosdetijuana.com\/wp-content\/uploads\/2026\/03\/DSC00987.JPG-32x18.jpeg 32w, https:\/\/torosdetijuana.com\/wp-content\/uploads\/2026\/03\/DSC00987.JPG-600x338.jpeg 600w\" sizes=\"(max-width: 1024px) 100vw, 1024px\" \/><figcaption class=\"wp-element-caption\"><strong>Toros de Tijuana inici\u00f3 su pretemporada este lunes en el Toros Mobil Park.<\/strong><\/figcaption><\/figure>\n\n\n\n<p><\/p>\n","protected":false},"excerpt":{"rendered":"<p>Bajo el liderazgo de&nbsp;Roberto Kelly,&nbsp;la novena tijuanense&nbsp;arranc\u00f3&nbsp;su&nbsp;spring&nbsp;training con la&nbsp;misi\u00f3n&nbsp;de&nbsp;prepararse a fondo&nbsp;de cara a la&nbsp;temporada 2026 de&nbsp;la&nbsp;Liga Mexicana de Beisbol (LMB).&nbsp; TIJUANA, Baja California (TorosDeTijuana.Com) 9 de&nbsp;Marzo&nbsp;del 2026.-&nbsp; Los Toros de Tijuana comenzaron su pretemporada en el Toros Mobil Park con el 90 por ciento del roster presente, afinando detalles bajo&nbsp;el liderazgo&nbsp;del&nbsp;manager&nbsp;Roberto Kelly, rumbo a una [&hellip;]<\/p>\n","protected":false},"author":2,"featured_media":16487,"comment_status":"open","ping_status":"open","sticky":false,"template":"","format":"standard","meta":{"om_disable_all_campaigns":false,"_monsterinsights_skip_tracking":false,"_monsterinsights_sitenote_active":false,"_monsterinsights_sitenote_note":"","_monsterinsights_sitenote_category":0,"footnotes":""},"categories":[175],"tags":[428,564,567,429,182,427,565,512,188,415],"class_list":["post-16486","post","type-post","status-publish","format-standard","has-post-thumbnail","hentry","category-noticias","tag-alejandro-kirk","tag-clasico-mundial-de-beisbol","tag-jared-serna","tag-jonathan-aranda","tag-lmb","tag-mlb","tag-randy-arozarena","tag-roel-ramirez","tag-tijuana","tag-toros-de-tijuana"],"acf":[],"aioseo_notices":[],"_links":{"self":[{"href":"https:\/\/torosdetijuana.com\/index.php\/wp-json\/wp\/v2\/posts\/16486","targetHints":{"allow":["GET"]}}],"collection":[{"href":"https:\/\/torosdetijuana.com\/index.php\/wp-json\/wp\/v2\/posts"}],"about":[{"href":"https:\/\/torosdetijuana.com\/index.php\/wp-json\/wp\/v2\/types\/post"}],"author":[{"embeddable":true,"href":"https:\/\/torosdetijuana.com\/index.php\/wp-json\/wp\/v2\/users\/2"}],"replies":[{"embeddable":true,"href":"https:\/\/torosdetijuana.com\/index.php\/wp-json\/wp\/v2\/comments?post=16486"}],"version-history":[{"count":1,"href":"https:\/\/torosdetijuana.com\/index.php\/wp-json\/wp\/v2\/posts\/16486\/revisions"}],"predecessor-version":[{"id":16489,"href":"https:\/\/torosdetijuana.com\/index.php\/wp-json\/wp\/v2\/posts\/16486\/revisions\/16489"}],"wp:featuredmedia":[{"embeddable":true,"href":"https:\/\/torosdetijuana.com\/index.php\/wp-json\/wp\/v2\/media\/16487"}],"wp:attachment":[{"href":"https:\/\/torosdetijuana.com\/index.php\/wp-json\/wp\/v2\/media?parent=16486"}],"wp:term":[{"taxonomy":"category","embeddable":true,"href":"https:\/\/torosdetijuana.com\/index.php\/wp-json\/wp\/v2\/categories?post=16486"},{"taxonomy":"post_tag","embeddable":true,"href":"https:\/\/torosdetijuana.com\/index.php\/wp-json\/wp\/v2\/tags?post=16486"}],"curies":[{"name":"wp","href":"https:\/\/api.w.org\/{rel}","templated":true}]}}